{"id":2421,"date":"2025-10-23T20:01:03","date_gmt":"2025-10-23T20:01:03","guid":{"rendered":"https:\/\/zulodesign.com\/?p=2421"},"modified":"2025-12-01T22:10:59","modified_gmt":"2025-12-01T22:10:59","slug":"aneks-kuchenny-z-salonem-jak-to-zrobic-dobrze","status":"publish","type":"post","link":"https:\/\/zulodesign.com\/pl\/aneks-kuchenny-z-salonem-jak-to-zrobic-dobrze\/","title":{"rendered":"Aneks kuchenny z salonem? Jak to zrobi\u0107 dobrze?"},"content":{"rendered":"","protected":false},"excerpt":{"rendered":"","protected":false},"author":90,"featured_media":2395,"comment_status":"open","ping_status":"open","sticky":false,"template":"","format":"standard","meta":{"footnotes":""},"categories":[34,33,24],"tags":[],"class_list":["post-2421","post","type-post","status-publish","format-standard","has-post-thumbnail","hentry","category-architekt-wnetrz","category-projektant-wnetrz","category-wskazowki"],"acf":[],"yoast_head":"<!-- This site is optimized with the Yoast SEO plugin v27.3 - https:\/\/yoast.com\/product\/yoast-seo-wordpress\/ -->\n<title>Aneks kuchenny z salonem? Jak to zrobi\u0107 dobrze? - Zulo Design<\/title>\n<meta name=\"description\" content=\"Zulo Design W dobie mnogo\u015bci rozwi\u0105za\u0144 jakie daje technologia i nowoczesny design, coraz cz\u0119\u015bciej spotykamy si\u0119 z rozwi\u0105zaniami w mieszkaniach i domach kt\u00f3rymi s\u0105 po\u0142\u0105czenie salony i kuchni. Mo\u017cna to zrobi\u0107 na prawd\u0119 dobrze i pomys\u0142em, oto kilka wskaz\u00f3wek\" \/>\n<meta name=\"robots\" content=\"index, follow, max-snippet:-1, max-image-preview:large, max-video-preview:-1\" \/>\n<link rel=\"canonical\" href=\"https:\/\/zulodesign.com\/pl\/aneks-kuchenny-z-salonem-jak-to-zrobic-dobrze\/\" \/>\n<meta property=\"og:locale\" content=\"pl_PL\" \/>\n<meta property=\"og:type\" content=\"article\" \/>\n<meta property=\"og:title\" content=\"Aneks kuchenny z salonem? Jak to zrobi\u0107 dobrze? - Zulo Design\" \/>\n<meta property=\"og:description\" content=\"Zulo Design W dobie mnogo\u015bci rozwi\u0105za\u0144 jakie daje technologia i nowoczesny design, coraz cz\u0119\u015bciej spotykamy si\u0119 z rozwi\u0105zaniami w mieszkaniach i domach kt\u00f3rymi s\u0105 po\u0142\u0105czenie salony i kuchni. Mo\u017cna to zrobi\u0107 na prawd\u0119 dobrze i pomys\u0142em, oto kilka wskaz\u00f3wek\" \/>\n<meta property=\"og:url\" content=\"https:\/\/zulodesign.com\/pl\/aneks-kuchenny-z-salonem-jak-to-zrobic-dobrze\/\" \/>\n<meta property=\"og:site_name\" content=\"Zulo Design\" \/>\n<meta property=\"article:publisher\" content=\"https:\/\/www.facebook.com\/ZuloDesignPL\" \/>\n<meta property=\"article:published_time\" content=\"2025-10-23T20:01:03+00:00\" \/>\n<meta property=\"article:modified_time\" content=\"2025-12-01T22:10:59+00:00\" \/>\n<meta property=\"og:image\" content=\"https:\/\/zulodesign.com\/wp-content\/uploads\/2025\/10\/003_zulo_warszawa_m1_Cam04.jpg\" \/>\n\t<meta property=\"og:image:width\" content=\"1500\" \/>\n\t<meta property=\"og:image:height\" content=\"1000\" \/>\n\t<meta property=\"og:image:type\" content=\"image\/jpeg\" \/>\n<meta name=\"author\" content=\"Natalia\" \/>\n<meta name=\"twitter:card\" content=\"summary_large_image\" \/>\n<meta name=\"twitter:label1\" content=\"Napisane przez\" \/>\n\t<meta name=\"twitter:data1\" content=\"Natalia\" \/>\n\t<meta name=\"twitter:label2\" content=\"Szacowany czas czytania\" \/>\n\t<meta name=\"twitter:data2\" content=\"1 minuta\" \/>\n<script type=\"application\/ld+json\" class=\"yoast-schema-graph\">{\"@context\":\"https:\\\/\\\/schema.org\",\"@graph\":[{\"@type\":\"Article\",\"@id\":\"https:\\\/\\\/zulodesign.com\\\/pl\\\/aneks-kuchenny-z-salonem-jak-to-zrobic-dobrze\\\/#article\",\"isPartOf\":{\"@id\":\"https:\\\/\\\/zulodesign.com\\\/pl\\\/aneks-kuchenny-z-salonem-jak-to-zrobic-dobrze\\\/\"},\"author\":{\"name\":\"Natalia\",\"@id\":\"https:\\\/\\\/zulodesign.com\\\/#\\\/schema\\\/person\\\/8bc6ba236d3bb9faff47136e01901076\"},\"headline\":\"Aneks kuchenny z salonem? Jak to zrobi\u0107 dobrze?\",\"datePublished\":\"2025-10-23T20:01:03+00:00\",\"dateModified\":\"2025-12-01T22:10:59+00:00\",\"mainEntityOfPage\":{\"@id\":\"https:\\\/\\\/zulodesign.com\\\/pl\\\/aneks-kuchenny-z-salonem-jak-to-zrobic-dobrze\\\/\"},\"wordCount\":8,\"commentCount\":0,\"publisher\":{\"@id\":\"https:\\\/\\\/zulodesign.com\\\/#organization\"},\"image\":{\"@id\":\"https:\\\/\\\/zulodesign.com\\\/pl\\\/aneks-kuchenny-z-salonem-jak-to-zrobic-dobrze\\\/#primaryimage\"},\"thumbnailUrl\":\"https:\\\/\\\/zulodesign.com\\\/wp-content\\\/uploads\\\/2025\\\/10\\\/003_zulo_warszawa_m1_Cam04.jpg\",\"articleSection\":[\"Architekt wn\u0119trz\",\"Projektant wn\u0119trz\",\"Wskaz\u00f3wki\"],\"inLanguage\":\"pl-PL\",\"potentialAction\":[{\"@type\":\"CommentAction\",\"name\":\"Comment\",\"target\":[\"https:\\\/\\\/zulodesign.com\\\/pl\\\/aneks-kuchenny-z-salonem-jak-to-zrobic-dobrze\\\/#respond\"]}]},{\"@type\":\"WebPage\",\"@id\":\"https:\\\/\\\/zulodesign.com\\\/pl\\\/aneks-kuchenny-z-salonem-jak-to-zrobic-dobrze\\\/\",\"url\":\"https:\\\/\\\/zulodesign.com\\\/pl\\\/aneks-kuchenny-z-salonem-jak-to-zrobic-dobrze\\\/\",\"name\":\"Aneks kuchenny z salonem? Jak to zrobi\u0107 dobrze? - Zulo Design\",\"isPartOf\":{\"@id\":\"https:\\\/\\\/zulodesign.com\\\/#website\"},\"primaryImageOfPage\":{\"@id\":\"https:\\\/\\\/zulodesign.com\\\/pl\\\/aneks-kuchenny-z-salonem-jak-to-zrobic-dobrze\\\/#primaryimage\"},\"image\":{\"@id\":\"https:\\\/\\\/zulodesign.com\\\/pl\\\/aneks-kuchenny-z-salonem-jak-to-zrobic-dobrze\\\/#primaryimage\"},\"thumbnailUrl\":\"https:\\\/\\\/zulodesign.com\\\/wp-content\\\/uploads\\\/2025\\\/10\\\/003_zulo_warszawa_m1_Cam04.jpg\",\"datePublished\":\"2025-10-23T20:01:03+00:00\",\"dateModified\":\"2025-12-01T22:10:59+00:00\",\"description\":\"Zulo Design W dobie mnogo\u015bci rozwi\u0105za\u0144 jakie daje technologia i nowoczesny design, coraz cz\u0119\u015bciej spotykamy si\u0119 z rozwi\u0105zaniami w mieszkaniach i domach kt\u00f3rymi s\u0105 po\u0142\u0105czenie salony i kuchni. Mo\u017cna to zrobi\u0107 na prawd\u0119 dobrze i pomys\u0142em, oto kilka wskaz\u00f3wek\",\"breadcrumb\":{\"@id\":\"https:\\\/\\\/zulodesign.com\\\/pl\\\/aneks-kuchenny-z-salonem-jak-to-zrobic-dobrze\\\/#breadcrumb\"},\"inLanguage\":\"pl-PL\",\"potentialAction\":[{\"@type\":\"ReadAction\",\"target\":[\"https:\\\/\\\/zulodesign.com\\\/pl\\\/aneks-kuchenny-z-salonem-jak-to-zrobic-dobrze\\\/\"]}]},{\"@type\":\"ImageObject\",\"inLanguage\":\"pl-PL\",\"@id\":\"https:\\\/\\\/zulodesign.com\\\/pl\\\/aneks-kuchenny-z-salonem-jak-to-zrobic-dobrze\\\/#primaryimage\",\"url\":\"https:\\\/\\\/zulodesign.com\\\/wp-content\\\/uploads\\\/2025\\\/10\\\/003_zulo_warszawa_m1_Cam04.jpg\",\"contentUrl\":\"https:\\\/\\\/zulodesign.com\\\/wp-content\\\/uploads\\\/2025\\\/10\\\/003_zulo_warszawa_m1_Cam04.jpg\",\"width\":1500,\"height\":1000},{\"@type\":\"BreadcrumbList\",\"@id\":\"https:\\\/\\\/zulodesign.com\\\/pl\\\/aneks-kuchenny-z-salonem-jak-to-zrobic-dobrze\\\/#breadcrumb\",\"itemListElement\":[{\"@type\":\"ListItem\",\"position\":1,\"name\":\"Strona g\u0142\u00f3wna\",\"item\":\"https:\\\/\\\/zulodesign.com\\\/pl\\\/\"},{\"@type\":\"ListItem\",\"position\":2,\"name\":\"Aneks kuchenny z salonem? Jak to zrobi\u0107 dobrze?\"}]},{\"@type\":\"WebSite\",\"@id\":\"https:\\\/\\\/zulodesign.com\\\/#website\",\"url\":\"https:\\\/\\\/zulodesign.com\\\/\",\"name\":\"Zulo Design\",\"description\":\"Interior &amp; Furniture Design\",\"publisher\":{\"@id\":\"https:\\\/\\\/zulodesign.com\\\/#organization\"},\"potentialAction\":[{\"@type\":\"SearchAction\",\"target\":{\"@type\":\"EntryPoint\",\"urlTemplate\":\"https:\\\/\\\/zulodesign.com\\\/?s={search_term_string}\"},\"query-input\":{\"@type\":\"PropertyValueSpecification\",\"valueRequired\":true,\"valueName\":\"search_term_string\"}}],\"inLanguage\":\"pl-PL\"},{\"@type\":\"Organization\",\"@id\":\"https:\\\/\\\/zulodesign.com\\\/#organization\",\"name\":\"Zulo Design\",\"url\":\"https:\\\/\\\/zulodesign.com\\\/\",\"logo\":{\"@type\":\"ImageObject\",\"inLanguage\":\"pl-PL\",\"@id\":\"https:\\\/\\\/zulodesign.com\\\/#\\\/schema\\\/logo\\\/image\\\/\",\"url\":\"https:\\\/\\\/zulodesign.com\\\/wp-content\\\/uploads\\\/2024\\\/01\\\/logo-5_1.svg\",\"contentUrl\":\"https:\\\/\\\/zulodesign.com\\\/wp-content\\\/uploads\\\/2024\\\/01\\\/logo-5_1.svg\",\"width\":170,\"height\":56,\"caption\":\"Zulo Design\"},\"image\":{\"@id\":\"https:\\\/\\\/zulodesign.com\\\/#\\\/schema\\\/logo\\\/image\\\/\"},\"sameAs\":[\"https:\\\/\\\/www.facebook.com\\\/ZuloDesignPL\"]},{\"@type\":\"Person\",\"@id\":\"https:\\\/\\\/zulodesign.com\\\/#\\\/schema\\\/person\\\/8bc6ba236d3bb9faff47136e01901076\",\"name\":\"Natalia\",\"image\":{\"@type\":\"ImageObject\",\"inLanguage\":\"pl-PL\",\"@id\":\"https:\\\/\\\/zulodesign.com\\\/wp-content\\\/litespeed\\\/avatar\\\/306893ba1ddd0c9bce24beb12b76bde9.jpg?ver=1776810908\",\"url\":\"https:\\\/\\\/zulodesign.com\\\/wp-content\\\/litespeed\\\/avatar\\\/306893ba1ddd0c9bce24beb12b76bde9.jpg?ver=1776810908\",\"contentUrl\":\"https:\\\/\\\/zulodesign.com\\\/wp-content\\\/litespeed\\\/avatar\\\/306893ba1ddd0c9bce24beb12b76bde9.jpg?ver=1776810908\",\"caption\":\"Natalia\"},\"url\":\"https:\\\/\\\/zulodesign.com\\\/pl\\\/author\\\/natalia\\\/\"}]}<\/script>\n<!-- \/ Yoast SEO plugin. -->","yoast_head_json":{"title":"Aneks kuchenny z salonem? Jak to zrobi\u0107 dobrze? - Zulo Design","description":"Zulo Design W dobie mnogo\u015bci rozwi\u0105za\u0144 jakie daje technologia i nowoczesny design, coraz cz\u0119\u015bciej spotykamy si\u0119 z rozwi\u0105zaniami w mieszkaniach i domach kt\u00f3rymi s\u0105 po\u0142\u0105czenie salony i kuchni. Mo\u017cna to zrobi\u0107 na prawd\u0119 dobrze i pomys\u0142em, oto kilka wskaz\u00f3wek","robots":{"index":"index","follow":"follow","max-snippet":"max-snippet:-1","max-image-preview":"max-image-preview:large","max-video-preview":"max-video-preview:-1"},"canonical":"https:\/\/zulodesign.com\/pl\/aneks-kuchenny-z-salonem-jak-to-zrobic-dobrze\/","og_locale":"pl_PL","og_type":"article","og_title":"Aneks kuchenny z salonem? Jak to zrobi\u0107 dobrze? - Zulo Design","og_description":"Zulo Design W dobie mnogo\u015bci rozwi\u0105za\u0144 jakie daje technologia i nowoczesny design, coraz cz\u0119\u015bciej spotykamy si\u0119 z rozwi\u0105zaniami w mieszkaniach i domach kt\u00f3rymi s\u0105 po\u0142\u0105czenie salony i kuchni. Mo\u017cna to zrobi\u0107 na prawd\u0119 dobrze i pomys\u0142em, oto kilka wskaz\u00f3wek","og_url":"https:\/\/zulodesign.com\/pl\/aneks-kuchenny-z-salonem-jak-to-zrobic-dobrze\/","og_site_name":"Zulo Design","article_publisher":"https:\/\/www.facebook.com\/ZuloDesignPL","article_published_time":"2025-10-23T20:01:03+00:00","article_modified_time":"2025-12-01T22:10:59+00:00","og_image":[{"width":1500,"height":1000,"url":"https:\/\/zulodesign.com\/wp-content\/uploads\/2025\/10\/003_zulo_warszawa_m1_Cam04.jpg","type":"image\/jpeg"}],"author":"Natalia","twitter_card":"summary_large_image","twitter_misc":{"Napisane przez":"Natalia","Szacowany czas czytania":"1 minuta"},"schema":{"@context":"https:\/\/schema.org","@graph":[{"@type":"Article","@id":"https:\/\/zulodesign.com\/pl\/aneks-kuchenny-z-salonem-jak-to-zrobic-dobrze\/#article","isPartOf":{"@id":"https:\/\/zulodesign.com\/pl\/aneks-kuchenny-z-salonem-jak-to-zrobic-dobrze\/"},"author":{"name":"Natalia","@id":"https:\/\/zulodesign.com\/#\/schema\/person\/8bc6ba236d3bb9faff47136e01901076"},"headline":"Aneks kuchenny z salonem? Jak to zrobi\u0107 dobrze?","datePublished":"2025-10-23T20:01:03+00:00","dateModified":"2025-12-01T22:10:59+00:00","mainEntityOfPage":{"@id":"https:\/\/zulodesign.com\/pl\/aneks-kuchenny-z-salonem-jak-to-zrobic-dobrze\/"},"wordCount":8,"commentCount":0,"publisher":{"@id":"https:\/\/zulodesign.com\/#organization"},"image":{"@id":"https:\/\/zulodesign.com\/pl\/aneks-kuchenny-z-salonem-jak-to-zrobic-dobrze\/#primaryimage"},"thumbnailUrl":"https:\/\/zulodesign.com\/wp-content\/uploads\/2025\/10\/003_zulo_warszawa_m1_Cam04.jpg","articleSection":["Architekt wn\u0119trz","Projektant wn\u0119trz","Wskaz\u00f3wki"],"inLanguage":"pl-PL","potentialAction":[{"@type":"CommentAction","name":"Comment","target":["https:\/\/zulodesign.com\/pl\/aneks-kuchenny-z-salonem-jak-to-zrobic-dobrze\/#respond"]}]},{"@type":"WebPage","@id":"https:\/\/zulodesign.com\/pl\/aneks-kuchenny-z-salonem-jak-to-zrobic-dobrze\/","url":"https:\/\/zulodesign.com\/pl\/aneks-kuchenny-z-salonem-jak-to-zrobic-dobrze\/","name":"Aneks kuchenny z salonem? Jak to zrobi\u0107 dobrze? - Zulo Design","isPartOf":{"@id":"https:\/\/zulodesign.com\/#website"},"primaryImageOfPage":{"@id":"https:\/\/zulodesign.com\/pl\/aneks-kuchenny-z-salonem-jak-to-zrobic-dobrze\/#primaryimage"},"image":{"@id":"https:\/\/zulodesign.com\/pl\/aneks-kuchenny-z-salonem-jak-to-zrobic-dobrze\/#primaryimage"},"thumbnailUrl":"https:\/\/zulodesign.com\/wp-content\/uploads\/2025\/10\/003_zulo_warszawa_m1_Cam04.jpg","datePublished":"2025-10-23T20:01:03+00:00","dateModified":"2025-12-01T22:10:59+00:00","description":"Zulo Design W dobie mnogo\u015bci rozwi\u0105za\u0144 jakie daje technologia i nowoczesny design, coraz cz\u0119\u015bciej spotykamy si\u0119 z rozwi\u0105zaniami w mieszkaniach i domach kt\u00f3rymi s\u0105 po\u0142\u0105czenie salony i kuchni. Mo\u017cna to zrobi\u0107 na prawd\u0119 dobrze i pomys\u0142em, oto kilka wskaz\u00f3wek","breadcrumb":{"@id":"https:\/\/zulodesign.com\/pl\/aneks-kuchenny-z-salonem-jak-to-zrobic-dobrze\/#breadcrumb"},"inLanguage":"pl-PL","potentialAction":[{"@type":"ReadAction","target":["https:\/\/zulodesign.com\/pl\/aneks-kuchenny-z-salonem-jak-to-zrobic-dobrze\/"]}]},{"@type":"ImageObject","inLanguage":"pl-PL","@id":"https:\/\/zulodesign.com\/pl\/aneks-kuchenny-z-salonem-jak-to-zrobic-dobrze\/#primaryimage","url":"https:\/\/zulodesign.com\/wp-content\/uploads\/2025\/10\/003_zulo_warszawa_m1_Cam04.jpg","contentUrl":"https:\/\/zulodesign.com\/wp-content\/uploads\/2025\/10\/003_zulo_warszawa_m1_Cam04.jpg","width":1500,"height":1000},{"@type":"BreadcrumbList","@id":"https:\/\/zulodesign.com\/pl\/aneks-kuchenny-z-salonem-jak-to-zrobic-dobrze\/#breadcrumb","itemListElement":[{"@type":"ListItem","position":1,"name":"Strona g\u0142\u00f3wna","item":"https:\/\/zulodesign.com\/pl\/"},{"@type":"ListItem","position":2,"name":"Aneks kuchenny z salonem? Jak to zrobi\u0107 dobrze?"}]},{"@type":"WebSite","@id":"https:\/\/zulodesign.com\/#website","url":"https:\/\/zulodesign.com\/","name":"Zulo Design","description":"Interior &amp; Furniture Design","publisher":{"@id":"https:\/\/zulodesign.com\/#organization"},"potentialAction":[{"@type":"SearchAction","target":{"@type":"EntryPoint","urlTemplate":"https:\/\/zulodesign.com\/?s={search_term_string}"},"query-input":{"@type":"PropertyValueSpecification","valueRequired":true,"valueName":"search_term_string"}}],"inLanguage":"pl-PL"},{"@type":"Organization","@id":"https:\/\/zulodesign.com\/#organization","name":"Zulo Design","url":"https:\/\/zulodesign.com\/","logo":{"@type":"ImageObject","inLanguage":"pl-PL","@id":"https:\/\/zulodesign.com\/#\/schema\/logo\/image\/","url":"https:\/\/zulodesign.com\/wp-content\/uploads\/2024\/01\/logo-5_1.svg","contentUrl":"https:\/\/zulodesign.com\/wp-content\/uploads\/2024\/01\/logo-5_1.svg","width":170,"height":56,"caption":"Zulo Design"},"image":{"@id":"https:\/\/zulodesign.com\/#\/schema\/logo\/image\/"},"sameAs":["https:\/\/www.facebook.com\/ZuloDesignPL"]},{"@type":"Person","@id":"https:\/\/zulodesign.com\/#\/schema\/person\/8bc6ba236d3bb9faff47136e01901076","name":"Natalia","image":{"@type":"ImageObject","inLanguage":"pl-PL","@id":"https:\/\/zulodesign.com\/wp-content\/litespeed\/avatar\/306893ba1ddd0c9bce24beb12b76bde9.jpg?ver=1776810908","url":"https:\/\/zulodesign.com\/wp-content\/litespeed\/avatar\/306893ba1ddd0c9bce24beb12b76bde9.jpg?ver=1776810908","contentUrl":"https:\/\/zulodesign.com\/wp-content\/litespeed\/avatar\/306893ba1ddd0c9bce24beb12b76bde9.jpg?ver=1776810908","caption":"Natalia"},"url":"https:\/\/zulodesign.com\/pl\/author\/natalia\/"}]}},"_links":{"self":[{"href":"https:\/\/zulodesign.com\/pl\/wp-json\/wp\/v2\/posts\/2421","targetHints":{"allow":["GET"]}}],"collection":[{"href":"https:\/\/zulodesign.com\/pl\/wp-json\/wp\/v2\/posts"}],"about":[{"href":"https:\/\/zulodesign.com\/pl\/wp-json\/wp\/v2\/types\/post"}],"author":[{"embeddable":true,"href":"https:\/\/zulodesign.com\/pl\/wp-json\/wp\/v2\/users\/90"}],"replies":[{"embeddable":true,"href":"https:\/\/zulodesign.com\/pl\/wp-json\/wp\/v2\/comments?post=2421"}],"version-history":[{"count":11,"href":"https:\/\/zulodesign.com\/pl\/wp-json\/wp\/v2\/posts\/2421\/revisions"}],"predecessor-version":[{"id":2996,"href":"https:\/\/zulodesign.com\/pl\/wp-json\/wp\/v2\/posts\/2421\/revisions\/2996"}],"wp:featuredmedia":[{"embeddable":true,"href":"https:\/\/zulodesign.com\/pl\/wp-json\/wp\/v2\/media\/2395"}],"wp:attachment":[{"href":"https:\/\/zulodesign.com\/pl\/wp-json\/wp\/v2\/media?parent=2421"}],"wp:term":[{"taxonomy":"category","embeddable":true,"href":"https:\/\/zulodesign.com\/pl\/wp-json\/wp\/v2\/categories?post=2421"},{"taxonomy":"post_tag","embeddable":true,"href":"https:\/\/zulodesign.com\/pl\/wp-json\/wp\/v2\/tags?post=2421"}],"curies":[{"name":"wp","href":"https:\/\/api.w.org\/{rel}","templated":true}]}}